{"id":2805,"date":"2020-02-13T20:19:40","date_gmt":"2020-02-13T19:19:40","guid":{"rendered":"https:\/\/hlinar.sk\/sk\/?p=2805"},"modified":"2020-02-13T21:02:30","modified_gmt":"2020-02-13T20:02:30","slug":"volne-terminy-2020","status":"publish","type":"post","link":"https:\/\/hlinar.sk\/sk\/2020\/02\/13\/volne-terminy-2020\/","title":{"rendered":"Vo\u013en\u00e9 term\u00edny 2020"},"content":{"rendered":"<p style=\"text-align: left;\">Mus\u00edm v\u00e1m ozn\u00e1mi\u0165, \u017ee najbli\u017e\u0161ie mo\u017en\u00e9 term\u00edny na v\u00e4\u010d\u0161ie stavby m\u00e1me a\u017e v j\u00fani. Dovtedy sme plne vy\u0165a\u017een\u00ed, tak\u017ee veci, ktor\u00e9 nem\u00e1me spolu naisto dohodnut\u00e9, nebude mo\u017en\u00e9 realizova\u0165. Moment\u00e1lne do\u0165ahujeme d\u00e1vno s\u013e\u00faben\u00fd a dlho pripravovan\u00fd HLIN\u00c1ROVIe-shop, kde si budete m\u00f4c\u0165 k\u00fapi\u0165 veci na stavbu, ktor\u00e9 sa inak \u0165a\u017eko zh\u00e1\u0148aj\u00fa (japonsk\u00e9 hlad\u00edtka, hlinen\u00e9 omietky, pigmenty, umeleck\u00e9 pom\u00f4cky, dekorat\u00edvne pr\u00edmesy do omietok, slamu atd.), vyr\u00e1bam pre v\u00e1s nov\u00fd, zauj\u00edmavej\u0161\u00ed vzorkovn\u00edk hlinen\u00fdch omietok aby ste si mohli lep\u0161ie vybra\u0165 zo \u0161irokej ponuky mo\u017enost\u00ed, lektorujem kurzy na hlinu ako stavebn\u00fd materi\u00e1l v ArTURe, pripravujem zauj\u00edmav\u00e9 workshopy a kurzy na tento rok a popri tom v\u0161etkom sa u\u017e za\u010d\u00edna stavebn\u00e1 sez\u00f3na&#8230; Je toho ve\u013ea, ale m\u0148a a mojich skvel\u00fdch kolegov to e\u0161te st\u00e1le bav\u00ed, ale potrebujeme pl\u00e1nova\u0165 ve\u013ea dopredu. Radi v\u00e1m pr\u00eddeme porobi\u0165 hlinen\u00e9 omietky, tadelakt, hlinen\u00fa podlahu \u010di nab\u00edjan\u00fa stienku, ale mus\u00edme sa dohodn\u00fa\u0165 p\u00e1r mesiacov vopred, lebo r\u00fak m\u00e1me st\u00e1le len podvojo&#8230;<\/p>\n<p style=\"text-align: center;\">\u010eakujem za spolupr\u00e1cu a pochopenie a prajem v\u00e1m pokojn\u00e9 dni.<\/p>\n<p style=\"text-align: center;\"><strong>HLIN\u00c1R Stano Prorok<\/strong><\/p>\n<p>&nbsp;<\/p>\n<p><img loading=\"lazy\" decoding=\"async\" class=\"aligncenter wp-image-2806 size-full\" src=\"https:\/\/hlinar.sk\/sk\/wp-content\/uploads\/2020\/02\/cloud-fotka.jpg\" alt=\"hlin\u00e1r\" width=\"2000\" height=\"500\" srcset=\"https:\/\/hlinar.sk\/sk\/wp-content\/uploads\/2020\/02\/cloud-fotka.jpg 2000w, https:\/\/hlinar.sk\/sk\/wp-content\/uploads\/2020\/02\/cloud-fotka-324x81.jpg 324w, https:\/\/hlinar.sk\/sk\/wp-content\/uploads\/2020\/02\/cloud-fotka-416x104.jpg 416w, https:\/\/hlinar.sk\/sk\/wp-content\/uploads\/2020\/02\/cloud-fotka-300x75.jpg 300w, https:\/\/hlinar.sk\/sk\/wp-content\/uploads\/2020\/02\/cloud-fotka-1024x256.jpg 1024w, https:\/\/hlinar.sk\/sk\/wp-content\/uploads\/2020\/02\/cloud-fotka-768x192.jpg 768w, https:\/\/hlinar.sk\/sk\/wp-content\/uploads\/2020\/02\/cloud-fotka-1536x384.jpg 1536w\" sizes=\"auto, (max-width: 2000px) 100vw, 2000px\" \/><\/p>\n","protected":false},"excerpt":{"rendered":"<p>Mus\u00edm v\u00e1m ozn\u00e1mi\u0165, \u017ee najbli\u017e\u0161ie mo\u017en\u00e9 term\u00edny na v\u00e4\u010d\u0161ie stavby m\u00e1me a\u017e v j\u00fani. Dovtedy sme plne vy\u0165a\u017een\u00ed, tak\u017ee veci, ktor\u00e9 nem\u00e1me spolu naisto dohodnut\u00e9, nebude mo\u017en\u00e9 realizova\u0165. Moment\u00e1lne do\u0165ahujeme d\u00e1vno s\u013e\u00faben\u00fd a dlho pripravovan\u00fd HLIN\u00c1ROVIe-shop, kde si budete m\u00f4c\u0165 k\u00fapi\u0165 veci na stavbu, ktor\u00e9 sa inak \u0165a\u017eko zh\u00e1\u0148aj\u00fa (japonsk\u00e9 hlad\u00edtka, hlinen\u00e9 omietky, pigmenty, umeleck\u00e9 [&hellip;]<\/p>\n","protected":false},"author":2,"featured_media":0,"comment_status":"open","ping_status":"open","sticky":false,"template":"","format":"standard","meta":{"ngg_post_thumbnail":0,"footnotes":""},"categories":[2,3,4,5],"tags":[],"class_list":["post-2805","post","type-post","status-publish","format-standard","hentry","category-hlina","category-hlinene-materialy","category-hlinene-omietky","category-oznam"],"yoast_head":"<!-- This site is optimized with the Yoast SEO plugin v27.2 - https:\/\/yoast.com\/product\/yoast-seo-wordpress\/ -->\n<title>Vo\u013en\u00e9 term\u00edny 2020 - HLIN\u00c1R Stano Prorok<\/title>\n<meta name=\"robots\" content=\"index, follow, max-snippet:-1, max-image-preview:large, max-video-preview:-1\" \/>\n<link rel=\"canonical\" href=\"https:\/\/hlinar.sk\/sk\/2020\/02\/13\/volne-terminy-2020\/\" \/>\n<meta property=\"og:locale\" content=\"sk_SK\" \/>\n<meta property=\"og:type\" content=\"article\" \/>\n<meta property=\"og:title\" content=\"Vo\u013en\u00e9 term\u00edny 2020 - HLIN\u00c1R Stano Prorok\" \/>\n<meta property=\"og:description\" content=\"Mus\u00edm v\u00e1m ozn\u00e1mi\u0165, \u017ee najbli\u017e\u0161ie mo\u017en\u00e9 term\u00edny na v\u00e4\u010d\u0161ie stavby m\u00e1me a\u017e v j\u00fani. Dovtedy sme plne vy\u0165a\u017een\u00ed, tak\u017ee veci, ktor\u00e9 nem\u00e1me spolu naisto dohodnut\u00e9, nebude mo\u017en\u00e9 realizova\u0165. Moment\u00e1lne do\u0165ahujeme d\u00e1vno s\u013e\u00faben\u00fd a dlho pripravovan\u00fd HLIN\u00c1ROVIe-shop, kde si budete m\u00f4c\u0165 k\u00fapi\u0165 veci na stavbu, ktor\u00e9 sa inak \u0165a\u017eko zh\u00e1\u0148aj\u00fa (japonsk\u00e9 hlad\u00edtka, hlinen\u00e9 omietky, pigmenty, umeleck\u00e9 [&hellip;]\" \/>\n<meta property=\"og:url\" content=\"https:\/\/hlinar.sk\/sk\/2020\/02\/13\/volne-terminy-2020\/\" \/>\n<meta property=\"og:site_name\" content=\"HLIN\u00c1R Stano Prorok\" \/>\n<meta property=\"article:author\" content=\"https:\/\/www.facebook.com\/hlinar.sk\/\" \/>\n<meta property=\"article:published_time\" content=\"2020-02-13T19:19:40+00:00\" \/>\n<meta property=\"article:modified_time\" content=\"2020-02-13T20:02:30+00:00\" \/>\n<meta property=\"og:image\" content=\"https:\/\/hlinar.sk\/sk\/wp-content\/uploads\/2020\/02\/cloud-fotka.jpg\" \/>\n<meta name=\"author\" content=\"Stano Prorok\" \/>\n<meta name=\"twitter:card\" content=\"summary_large_image\" \/>\n<meta name=\"twitter:label1\" content=\"Autor\" \/>\n\t<meta name=\"twitter:data1\" content=\"Stano Prorok\" \/>\n\t<meta name=\"twitter:label2\" content=\"Predpokladan\u00fd \u010das \u010d\u00edtania\" \/>\n\t<meta name=\"twitter:data2\" content=\"1 min\u00fata\" \/>\n<script type=\"application\/ld+json\" class=\"yoast-schema-graph\">{\"@context\":\"https:\/\/schema.org\",\"@graph\":[{\"@type\":\"Article\",\"@id\":\"https:\/\/hlinar.sk\/2020\/02\/13\/volne-terminy-2020\/#article\",\"isPartOf\":{\"@id\":\"https:\/\/hlinar.sk\/2020\/02\/13\/volne-terminy-2020\/\"},\"author\":{\"name\":\"Stano Prorok\",\"@id\":\"https:\/\/hlinar.sk\/#\/schema\/person\/948683bff8cd0b3708c85c89dc2ce248\"},\"headline\":\"Vo\u013en\u00e9 term\u00edny 2020\",\"datePublished\":\"2020-02-13T19:19:40+00:00\",\"dateModified\":\"2020-02-13T20:02:30+00:00\",\"mainEntityOfPage\":{\"@id\":\"https:\/\/hlinar.sk\/2020\/02\/13\/volne-terminy-2020\/\"},\"wordCount\":224,\"commentCount\":0,\"publisher\":{\"@id\":\"https:\/\/hlinar.sk\/#organization\"},\"image\":{\"@id\":\"https:\/\/hlinar.sk\/2020\/02\/13\/volne-terminy-2020\/#primaryimage\"},\"thumbnailUrl\":\"https:\/\/hlinar.sk\/sk\/wp-content\/uploads\/2020\/02\/cloud-fotka.jpg\",\"articleSection\":[\"hlina\",\"hlinen\u00e9 materi\u00e1ly\",\"hlinen\u00e9 omietky\",\"oznam\"],\"inLanguage\":\"sk-SK\",\"potentialAction\":[{\"@type\":\"CommentAction\",\"name\":\"Comment\",\"target\":[\"https:\/\/hlinar.sk\/2020\/02\/13\/volne-terminy-2020\/#respond\"]}]},{\"@type\":\"WebPage\",\"@id\":\"https:\/\/hlinar.sk\/2020\/02\/13\/volne-terminy-2020\/\",\"url\":\"https:\/\/hlinar.sk\/2020\/02\/13\/volne-terminy-2020\/\",\"name\":\"Vo\u013en\u00e9 term\u00edny 2020 - HLIN\u00c1R Stano Prorok\",\"isPartOf\":{\"@id\":\"https:\/\/hlinar.sk\/#website\"},\"primaryImageOfPage\":{\"@id\":\"https:\/\/hlinar.sk\/2020\/02\/13\/volne-terminy-2020\/#primaryimage\"},\"image\":{\"@id\":\"https:\/\/hlinar.sk\/2020\/02\/13\/volne-terminy-2020\/#primaryimage\"},\"thumbnailUrl\":\"https:\/\/hlinar.sk\/sk\/wp-content\/uploads\/2020\/02\/cloud-fotka.jpg\",\"datePublished\":\"2020-02-13T19:19:40+00:00\",\"dateModified\":\"2020-02-13T20:02:30+00:00\",\"breadcrumb\":{\"@id\":\"https:\/\/hlinar.sk\/2020\/02\/13\/volne-terminy-2020\/#breadcrumb\"},\"inLanguage\":\"sk-SK\",\"potentialAction\":[{\"@type\":\"ReadAction\",\"target\":[\"https:\/\/hlinar.sk\/2020\/02\/13\/volne-terminy-2020\/\"]}]},{\"@type\":\"ImageObject\",\"inLanguage\":\"sk-SK\",\"@id\":\"https:\/\/hlinar.sk\/2020\/02\/13\/volne-terminy-2020\/#primaryimage\",\"url\":\"https:\/\/hlinar.sk\/sk\/wp-content\/uploads\/2020\/02\/cloud-fotka.jpg\",\"contentUrl\":\"https:\/\/hlinar.sk\/sk\/wp-content\/uploads\/2020\/02\/cloud-fotka.jpg\",\"width\":2000,\"height\":500,\"caption\":\"hlin\u00e1r\"},{\"@type\":\"BreadcrumbList\",\"@id\":\"https:\/\/hlinar.sk\/2020\/02\/13\/volne-terminy-2020\/#breadcrumb\",\"itemListElement\":[{\"@type\":\"ListItem\",\"position\":1,\"name\":\"Home\",\"item\":\"https:\/\/hlinar.sk\/\"},{\"@type\":\"ListItem\",\"position\":2,\"name\":\"Vo\u013en\u00e9 term\u00edny 2020\"}]},{\"@type\":\"WebSite\",\"@id\":\"https:\/\/hlinar.sk\/#website\",\"url\":\"https:\/\/hlinar.sk\/\",\"name\":\"HLIN\u00c1R Stano Prorok\",\"description\":\"Stavebniny od pr\u00edrody.\",\"publisher\":{\"@id\":\"https:\/\/hlinar.sk\/#organization\"},\"potentialAction\":[{\"@type\":\"SearchAction\",\"target\":{\"@type\":\"EntryPoint\",\"urlTemplate\":\"https:\/\/hlinar.sk\/?s={search_term_string}\"},\"query-input\":{\"@type\":\"PropertyValueSpecification\",\"valueRequired\":true,\"valueName\":\"search_term_string\"}}],\"inLanguage\":\"sk-SK\"},{\"@type\":\"Organization\",\"@id\":\"https:\/\/hlinar.sk\/#organization\",\"name\":\"HLIN\u00c1R Stano Prorok\",\"url\":\"https:\/\/hlinar.sk\/\",\"logo\":{\"@type\":\"ImageObject\",\"inLanguage\":\"sk-SK\",\"@id\":\"https:\/\/hlinar.sk\/#\/schema\/logo\/image\/\",\"url\":\"https:\/\/hlinar.sk\/sk\/wp-content\/uploads\/2020\/11\/logo-na-stranku-s-nazvom-priesvit-biele.png\",\"contentUrl\":\"https:\/\/hlinar.sk\/sk\/wp-content\/uploads\/2020\/11\/logo-na-stranku-s-nazvom-priesvit-biele.png\",\"width\":8048,\"height\":1432,\"caption\":\"HLIN\u00c1R Stano Prorok\"},\"image\":{\"@id\":\"https:\/\/hlinar.sk\/#\/schema\/logo\/image\/\"}},{\"@type\":\"Person\",\"@id\":\"https:\/\/hlinar.sk\/#\/schema\/person\/948683bff8cd0b3708c85c89dc2ce248\",\"name\":\"Stano Prorok\",\"image\":{\"@type\":\"ImageObject\",\"inLanguage\":\"sk-SK\",\"@id\":\"https:\/\/secure.gravatar.com\/avatar\/58dc4c0515bf36bb004269eac4ac673f60be28d4f6466badb729e02c527ee3d3?s=96&d=mm&r=g\",\"url\":\"https:\/\/secure.gravatar.com\/avatar\/58dc4c0515bf36bb004269eac4ac673f60be28d4f6466badb729e02c527ee3d3?s=96&d=mm&r=g\",\"contentUrl\":\"https:\/\/secure.gravatar.com\/avatar\/58dc4c0515bf36bb004269eac4ac673f60be28d4f6466badb729e02c527ee3d3?s=96&d=mm&r=g\",\"caption\":\"Stano Prorok\"},\"sameAs\":[\"http:\/\/www.hlinar.sk\",\"https:\/\/www.facebook.com\/hlinar.sk\/\"],\"url\":\"https:\/\/hlinar.sk\/sk\/author\/stano\/\"}]}<\/script>\n<!-- \/ Yoast SEO plugin. -->","yoast_head_json":{"title":"Vo\u013en\u00e9 term\u00edny 2020 - HLIN\u00c1R Stano Prorok","robots":{"index":"index","follow":"follow","max-snippet":"max-snippet:-1","max-image-preview":"max-image-preview:large","max-video-preview":"max-video-preview:-1"},"canonical":"https:\/\/hlinar.sk\/sk\/2020\/02\/13\/volne-terminy-2020\/","og_locale":"sk_SK","og_type":"article","og_title":"Vo\u013en\u00e9 term\u00edny 2020 - HLIN\u00c1R Stano Prorok","og_description":"Mus\u00edm v\u00e1m ozn\u00e1mi\u0165, \u017ee najbli\u017e\u0161ie mo\u017en\u00e9 term\u00edny na v\u00e4\u010d\u0161ie stavby m\u00e1me a\u017e v j\u00fani. Dovtedy sme plne vy\u0165a\u017een\u00ed, tak\u017ee veci, ktor\u00e9 nem\u00e1me spolu naisto dohodnut\u00e9, nebude mo\u017en\u00e9 realizova\u0165. Moment\u00e1lne do\u0165ahujeme d\u00e1vno s\u013e\u00faben\u00fd a dlho pripravovan\u00fd HLIN\u00c1ROVIe-shop, kde si budete m\u00f4c\u0165 k\u00fapi\u0165 veci na stavbu, ktor\u00e9 sa inak \u0165a\u017eko zh\u00e1\u0148aj\u00fa (japonsk\u00e9 hlad\u00edtka, hlinen\u00e9 omietky, pigmenty, umeleck\u00e9 [&hellip;]","og_url":"https:\/\/hlinar.sk\/sk\/2020\/02\/13\/volne-terminy-2020\/","og_site_name":"HLIN\u00c1R Stano Prorok","article_author":"https:\/\/www.facebook.com\/hlinar.sk\/","article_published_time":"2020-02-13T19:19:40+00:00","article_modified_time":"2020-02-13T20:02:30+00:00","og_image":[{"url":"https:\/\/hlinar.sk\/sk\/wp-content\/uploads\/2020\/02\/cloud-fotka.jpg","type":"","width":"","height":""}],"author":"Stano Prorok","twitter_card":"summary_large_image","twitter_misc":{"Autor":"Stano Prorok","Predpokladan\u00fd \u010das \u010d\u00edtania":"1 min\u00fata"},"schema":{"@context":"https:\/\/schema.org","@graph":[{"@type":"Article","@id":"https:\/\/hlinar.sk\/2020\/02\/13\/volne-terminy-2020\/#article","isPartOf":{"@id":"https:\/\/hlinar.sk\/2020\/02\/13\/volne-terminy-2020\/"},"author":{"name":"Stano Prorok","@id":"https:\/\/hlinar.sk\/#\/schema\/person\/948683bff8cd0b3708c85c89dc2ce248"},"headline":"Vo\u013en\u00e9 term\u00edny 2020","datePublished":"2020-02-13T19:19:40+00:00","dateModified":"2020-02-13T20:02:30+00:00","mainEntityOfPage":{"@id":"https:\/\/hlinar.sk\/2020\/02\/13\/volne-terminy-2020\/"},"wordCount":224,"commentCount":0,"publisher":{"@id":"https:\/\/hlinar.sk\/#organization"},"image":{"@id":"https:\/\/hlinar.sk\/2020\/02\/13\/volne-terminy-2020\/#primaryimage"},"thumbnailUrl":"https:\/\/hlinar.sk\/sk\/wp-content\/uploads\/2020\/02\/cloud-fotka.jpg","articleSection":["hlina","hlinen\u00e9 materi\u00e1ly","hlinen\u00e9 omietky","oznam"],"inLanguage":"sk-SK","potentialAction":[{"@type":"CommentAction","name":"Comment","target":["https:\/\/hlinar.sk\/2020\/02\/13\/volne-terminy-2020\/#respond"]}]},{"@type":"WebPage","@id":"https:\/\/hlinar.sk\/2020\/02\/13\/volne-terminy-2020\/","url":"https:\/\/hlinar.sk\/2020\/02\/13\/volne-terminy-2020\/","name":"Vo\u013en\u00e9 term\u00edny 2020 - HLIN\u00c1R Stano Prorok","isPartOf":{"@id":"https:\/\/hlinar.sk\/#website"},"primaryImageOfPage":{"@id":"https:\/\/hlinar.sk\/2020\/02\/13\/volne-terminy-2020\/#primaryimage"},"image":{"@id":"https:\/\/hlinar.sk\/2020\/02\/13\/volne-terminy-2020\/#primaryimage"},"thumbnailUrl":"https:\/\/hlinar.sk\/sk\/wp-content\/uploads\/2020\/02\/cloud-fotka.jpg","datePublished":"2020-02-13T19:19:40+00:00","dateModified":"2020-02-13T20:02:30+00:00","breadcrumb":{"@id":"https:\/\/hlinar.sk\/2020\/02\/13\/volne-terminy-2020\/#breadcrumb"},"inLanguage":"sk-SK","potentialAction":[{"@type":"ReadAction","target":["https:\/\/hlinar.sk\/2020\/02\/13\/volne-terminy-2020\/"]}]},{"@type":"ImageObject","inLanguage":"sk-SK","@id":"https:\/\/hlinar.sk\/2020\/02\/13\/volne-terminy-2020\/#primaryimage","url":"https:\/\/hlinar.sk\/sk\/wp-content\/uploads\/2020\/02\/cloud-fotka.jpg","contentUrl":"https:\/\/hlinar.sk\/sk\/wp-content\/uploads\/2020\/02\/cloud-fotka.jpg","width":2000,"height":500,"caption":"hlin\u00e1r"},{"@type":"BreadcrumbList","@id":"https:\/\/hlinar.sk\/2020\/02\/13\/volne-terminy-2020\/#breadcrumb","itemListElement":[{"@type":"ListItem","position":1,"name":"Home","item":"https:\/\/hlinar.sk\/"},{"@type":"ListItem","position":2,"name":"Vo\u013en\u00e9 term\u00edny 2020"}]},{"@type":"WebSite","@id":"https:\/\/hlinar.sk\/#website","url":"https:\/\/hlinar.sk\/","name":"HLIN\u00c1R Stano Prorok","description":"Stavebniny od pr\u00edrody.","publisher":{"@id":"https:\/\/hlinar.sk\/#organization"},"potentialAction":[{"@type":"SearchAction","target":{"@type":"EntryPoint","urlTemplate":"https:\/\/hlinar.sk\/?s={search_term_string}"},"query-input":{"@type":"PropertyValueSpecification","valueRequired":true,"valueName":"search_term_string"}}],"inLanguage":"sk-SK"},{"@type":"Organization","@id":"https:\/\/hlinar.sk\/#organization","name":"HLIN\u00c1R Stano Prorok","url":"https:\/\/hlinar.sk\/","logo":{"@type":"ImageObject","inLanguage":"sk-SK","@id":"https:\/\/hlinar.sk\/#\/schema\/logo\/image\/","url":"https:\/\/hlinar.sk\/sk\/wp-content\/uploads\/2020\/11\/logo-na-stranku-s-nazvom-priesvit-biele.png","contentUrl":"https:\/\/hlinar.sk\/sk\/wp-content\/uploads\/2020\/11\/logo-na-stranku-s-nazvom-priesvit-biele.png","width":8048,"height":1432,"caption":"HLIN\u00c1R Stano Prorok"},"image":{"@id":"https:\/\/hlinar.sk\/#\/schema\/logo\/image\/"}},{"@type":"Person","@id":"https:\/\/hlinar.sk\/#\/schema\/person\/948683bff8cd0b3708c85c89dc2ce248","name":"Stano Prorok","image":{"@type":"ImageObject","inLanguage":"sk-SK","@id":"https:\/\/secure.gravatar.com\/avatar\/58dc4c0515bf36bb004269eac4ac673f60be28d4f6466badb729e02c527ee3d3?s=96&d=mm&r=g","url":"https:\/\/secure.gravatar.com\/avatar\/58dc4c0515bf36bb004269eac4ac673f60be28d4f6466badb729e02c527ee3d3?s=96&d=mm&r=g","contentUrl":"https:\/\/secure.gravatar.com\/avatar\/58dc4c0515bf36bb004269eac4ac673f60be28d4f6466badb729e02c527ee3d3?s=96&d=mm&r=g","caption":"Stano Prorok"},"sameAs":["http:\/\/www.hlinar.sk","https:\/\/www.facebook.com\/hlinar.sk\/"],"url":"https:\/\/hlinar.sk\/sk\/author\/stano\/"}]}},"_links":{"self":[{"href":"https:\/\/hlinar.sk\/sk\/wp-json\/wp\/v2\/posts\/2805","targetHints":{"allow":["GET"]}}],"collection":[{"href":"https:\/\/hlinar.sk\/sk\/wp-json\/wp\/v2\/posts"}],"about":[{"href":"https:\/\/hlinar.sk\/sk\/wp-json\/wp\/v2\/types\/post"}],"author":[{"embeddable":true,"href":"https:\/\/hlinar.sk\/sk\/wp-json\/wp\/v2\/users\/2"}],"replies":[{"embeddable":true,"href":"https:\/\/hlinar.sk\/sk\/wp-json\/wp\/v2\/comments?post=2805"}],"version-history":[{"count":3,"href":"https:\/\/hlinar.sk\/sk\/wp-json\/wp\/v2\/posts\/2805\/revisions"}],"predecessor-version":[{"id":2810,"href":"https:\/\/hlinar.sk\/sk\/wp-json\/wp\/v2\/posts\/2805\/revisions\/2810"}],"wp:attachment":[{"href":"https:\/\/hlinar.sk\/sk\/wp-json\/wp\/v2\/media?parent=2805"}],"wp:term":[{"taxonomy":"category","embeddable":true,"href":"https:\/\/hlinar.sk\/sk\/wp-json\/wp\/v2\/categories?post=2805"},{"taxonomy":"post_tag","embeddable":true,"href":"https:\/\/hlinar.sk\/sk\/wp-json\/wp\/v2\/tags?post=2805"}],"curies":[{"name":"wp","href":"https:\/\/api.w.org\/{rel}","templated":true}]}}