{"id":3519,"date":"2020-09-03T09:13:23","date_gmt":"2020-09-03T07:13:23","guid":{"rendered":"https:\/\/hlinar.sk\/?p=3519"},"modified":"2020-09-12T22:58:40","modified_gmt":"2020-09-12T20:58:40","slug":"worshop-tradicne-hlinene-omietky-a-hlinena-podlaha","status":"publish","type":"post","link":"https:\/\/hlinar.sk\/en\/2020\/09\/03\/worshop-tradicne-hlinene-omietky-a-hlinena-podlaha\/","title":{"rendered":"Workshop &#8211; tradi\u010dn\u00e9 hlinen\u00e9 omietky a hlinen\u00e1 podlaha."},"content":{"rendered":"<h4 style=\"text-align: center;\">Workshop &#8211; tradi\u010dn\u00e9 hlinen\u00e9 omietky a hlinen\u00e1 podlaha.<\/h4>\n<p>Poz\u00fdvam v\u00e1s na workshop s <a href=\"https:\/\/hlinar.sk\/en\/hlinene-omietky\/\">hlinen\u00fdmi omietkami<\/a>, kde budeme opravova\u0165 p\u00f4vodn\u00e9 <a href=\"https:\/\/hlinar.sk\/en\/hlinene-omietky\/\">hlinen\u00e9 omietky<\/a> a <a href=\"https:\/\/hlinar.sk\/en\/hlinene-materialy\/hlinena-podlaha\/\">hlinen\u00fa podlahu<\/a> na starom kamennom dom\u010deku, tzv. &#8222;buja\u010dke&#8220;, ktor\u00fd kedysi sl\u00fa\u017eil na ustajnenie obecn\u00e9ho b\u00fdka &#8211; &#8222;bujaka&#8220;. Po dokon\u010den\u00ed opr\u00e1v a rekon\u0161trukci\u00ed bude buja\u010dka sl\u00fa\u017ei\u0165&nbsp; ako hospod\u00e1rske m\u00fazeum obce.<\/p>\n<h4>Pre koho je workshop ur\u010den\u00fd:<\/h4>\n<ul>\n<li>ka\u017ed\u00fd, kto sa chce nau\u010di\u0165 pracova\u0165 s <a href=\"https:\/\/hlinar.sk\/en\/hlinene-omietky\/\">hlinenou omietkou<\/a><\/li>\n<li>pre majite\u013eov kamenn\u00fdch domov, ktor\u00ed pl\u00e1nuj\u00fa opravy \u010di rekon\u0161trukcie<\/li>\n<li>vhodn\u00e9 ako prax pre absolventov kurzov <a href=\"https:\/\/hlinar.sk\/en\/hlinene-omietky\/\">hlinen\u00fdch omietok<\/a> z <a href=\"http:\/\/ozartur.sk\">ArTURu<\/a><\/li>\n<li>pre profesion\u00e1lov stavebn\u00edkov, ktor\u00ed si chc\u00fa roz\u0161\u00edri\u0165 obzory&#8230;<\/li>\n<li>pre obdivovate\u013eov tradi\u010dnej \u013eudovej architekt\u00fary<\/li>\n<\/ul>\n<h4>\u010co budeme robi\u0165:<\/h4>\n<ul>\n<li>pripravova\u0165 <a href=\"https:\/\/hlinar.sk\/en\/hlinene-omietky\/\">hlinen\u00fa omietku<\/a> z lok\u00e1lnej hliny<\/li>\n<li>nahadzovanie hrub\u00fdch hlinen\u00fdch omietok na vyplnenie kamenn\u00e9ho muriva<\/li>\n<li>na\u0165ahovanie s\u00favislej vrstvy <a href=\"https:\/\/hlinar.sk\/en\/hlinene-omietky\/\">hlinen\u00fdch omietok<\/a><\/li>\n<li>natieranie tradi\u010dn\u00e9ho v\u00e1penn\u00e9ho n\u00e1teru na ochranu <a href=\"https:\/\/hlinar.sk\/en\/hlinene-omietky\/\">hlinen\u00fdch omietok<\/a> v exteri\u00e9ri<\/li>\n<li>\u00faprava <a href=\"https:\/\/hlinar.sk\/en\/hlinene-materialy\/hlinena-podlaha\/\">hlinenej podlahy<\/a> tradi\u010dn\u00fdm sp\u00f4sobom &#8211; ub\u00edjan\u00edm<\/li>\n<\/ul>\n<h4>Kde to bude:<\/h4>\n<ul>\n<li>Buja\u010dka sa nach\u00e1dza v Hontianskej obci <a href=\"http:\/\/www.badan.sk\/\">Ba\u010fan<\/a>, ne\u010faleko Banskej \u0160tiavnice, k\u00fasok od obce Po\u010d\u00favadlo.<\/li>\n<\/ul>\n<div id=\"lmm_506ab06e\" style=\"width:640px;\" class=\"mapsmarker markermap marker-31\">\n<div id=\"lmm_panel_506ab06e\" class=\"lmm-panel\" style=\"background:#efefef;\">\n<div id=\"lmm_panel_api_506ab06e\" class=\"lmm-panel-api\"><\/div><div id=\"lmm_panel_text_506ab06e\" class=\"lmm-panel-text\" style=\"font-weight:bold;color:#373737;\">Hlina - Ba\u010fan<\/div><\/div>\n<div id=\"lmm_map_506ab06e\" class=\"lmm-map\" style=\"background:#f6f6f6;border:1px solid #ccc;height:480px; overflow:hidden;padding:0;\"><p style=\"font-size:80%;color:#9f9e9e;margin-left:5px;\">loading map - please wait...<noscript><br\/><strong>Map could not be loaded - please enable Javascript!<\/strong><br\/><a style=\"text-decoration:none;\" href=\"https:\/\/www.mapsmarker.com\/js-disabled\" target=\"_blank\">&rarr; more information<\/a><\/noscript><\/p><\/div>\n<div id=\"lmm_geo_tags_506ab06e\" class=\"lmm-geo-tags geo\">\n<span class=\"paneltext\">Hlina - Ba\u010fan<\/span>\n<span class=\"latitude\">48.330798<\/span>, <span class=\"longitude\">18.841257<\/span>\n<span class=\"popuptext\"><\/span>\n<\/div>\n<\/div>\n<h4>&nbsp;<\/h4>\n<h4>Kedy to bude:<\/h4>\n<ul>\n<li>18.-20.septembra 2020<\/li>\n<li>kurz bude aj v pr\u00edpade zl\u00e9ho po\u010dasia, pr\u00e1ca je aj v interi\u00e9ri<\/li>\n<li>pr\u00edchod individu\u00e1lne pod\u013ea dohody do Beluje alebo do Ba\u010fanu, pod\u013ea \u010dasu<\/li>\n<\/ul>\n<h4>Ubytovanie a strava:<\/h4>\n<ul>\n<li>ubytovanie bude v ne\u010falekej obci <a href=\"https:\/\/www.obecbeluj.sk\/\">Beluj<\/a> u m\u0148a v starom kamennom dome, pr\u00edpadne na povale na sene alebo na dvore, treba si prinies\u0165 spac\u00e1k a karimatku, pr\u00edpadne stan<\/li>\n<li>obed bude zabezpe\u010den\u00fd, ra\u0148ajky a ve\u010dere bud\u00fa individu\u00e1lne &#8211; je mo\u017enos\u0165 uvari\u0165 si pod\u013ea potreby<\/li>\n<\/ul>\n<h4>Kto to bude riadi\u0165:<\/h4>\n<ul>\n<li><a href=\"https:\/\/hlinar.sk\/en\/o-mne\/\">Hlin\u00e1r Stano Prorok<\/a><\/li>\n<\/ul>\n<h4>\u010co si treba zobra\u0165 zo sebou:<\/h4>\n<ul>\n<li>pracovn\u00e9 oble\u010denie, rukavice<\/li>\n<li>spac\u00e1k, karimatku<\/li>\n<li>rados\u0165 z objavovania kr\u00e1sneho k\u00fatu \u0160tiavnick\u00fdch vrchov v Hontianskom regi\u00f3ne<\/li>\n<li>chu\u0165 do pr\u00e1ce<\/li>\n<\/ul>\n<h4>Ko\u013eko to stoj\u00ed:<\/h4>\n<ul>\n<li>vstupn\u00e9 je snaha prispie\u0165 k zachovaniu n\u00e1\u0161ho kult\u00farneho dedi\u010dstva a chu\u0165 sa pritom nie\u010do u\u017eito\u010dn\u00e9 nau\u010di\u0165<\/li>\n<\/ul>\n<h4>Kde sa m\u00f4\u017eem prihl\u00e1si\u0165:<\/h4>\n<ul>\n<li>prihlasovanie u\u017e je \u017eia\u013e uzavret\u00e9<\/li>\n<\/ul>\n<p>&nbsp;<\/p>\n<h4>Ako to tam vyzer\u00e1:<\/h4>\n<div id='gallery-1' class='gallery galleryid-3519 gallery-columns-2 gallery-size-medium'><figure class='gallery-item'>\n\t\t\t<div class='gallery-icon landscape'>\n\t\t\t\t<a href='https:\/\/hlinar.sk\/en\/2020\/09\/03\/worshop-tradicne-hlinene-omietky-a-hlinena-podlaha\/img_20200826_114233\/'><img loading=\"lazy\" decoding=\"async\" width=\"300\" height=\"225\" src=\"https:\/\/hlinar.sk\/sk\/wp-content\/uploads\/2020\/09\/IMG_20200826_114233-300x225.jpg\" class=\"attachment-medium size-medium\" alt=\"Hlinen\u00e9 omietky - Ba\u010fan\" aria-describedby=\"gallery-1-3531\" srcset=\"https:\/\/hlinar.sk\/sk\/wp-content\/uploads\/2020\/09\/IMG_20200826_114233-300x225.jpg 300w, https:\/\/hlinar.sk\/sk\/wp-content\/uploads\/2020\/09\/IMG_20200826_114233-324x243.jpg 324w, https:\/\/hlinar.sk\/sk\/wp-content\/uploads\/2020\/09\/IMG_20200826_114233-416x312.jpg 416w, https:\/\/hlinar.sk\/sk\/wp-content\/uploads\/2020\/09\/IMG_20200826_114233-1024x768.jpg 1024w, https:\/\/hlinar.sk\/sk\/wp-content\/uploads\/2020\/09\/IMG_20200826_114233-768x576.jpg 768w, https:\/\/hlinar.sk\/sk\/wp-content\/uploads\/2020\/09\/IMG_20200826_114233-1536x1152.jpg 1536w, https:\/\/hlinar.sk\/sk\/wp-content\/uploads\/2020\/09\/IMG_20200826_114233-2048x1536.jpg 2048w\" sizes=\"auto, (max-width: 300px) 100vw, 300px\" \/><\/a>\n\t\t\t<\/div>\n\t\t\t\t<figcaption class='wp-caption-text gallery-caption' id='gallery-1-3531'>\n\t\t\t\tHlinen\u00e9 omietky &#8211; Ba\u010fan &#8211; s\u00fa\u010dasn\u00fd stav\n\t\t\t\t<\/figcaption><\/figure><figure class='gallery-item'>\n\t\t\t<div class='gallery-icon landscape'>\n\t\t\t\t<a href='https:\/\/hlinar.sk\/en\/2020\/09\/03\/worshop-tradicne-hlinene-omietky-a-hlinena-podlaha\/img_20190705_100242\/'><img loading=\"lazy\" decoding=\"async\" width=\"300\" height=\"225\" src=\"https:\/\/hlinar.sk\/sk\/wp-content\/uploads\/2020\/09\/IMG_20190705_100242-300x225.jpg\" class=\"attachment-medium size-medium\" alt=\"Hlinen\u00e9 omietky - Ba\u010fan\" aria-describedby=\"gallery-1-3528\" srcset=\"https:\/\/hlinar.sk\/sk\/wp-content\/uploads\/2020\/09\/IMG_20190705_100242-300x225.jpg 300w, https:\/\/hlinar.sk\/sk\/wp-content\/uploads\/2020\/09\/IMG_20190705_100242-324x243.jpg 324w, https:\/\/hlinar.sk\/sk\/wp-content\/uploads\/2020\/09\/IMG_20190705_100242-416x312.jpg 416w, https:\/\/hlinar.sk\/sk\/wp-content\/uploads\/2020\/09\/IMG_20190705_100242-1024x768.jpg 1024w, https:\/\/hlinar.sk\/sk\/wp-content\/uploads\/2020\/09\/IMG_20190705_100242-768x576.jpg 768w, https:\/\/hlinar.sk\/sk\/wp-content\/uploads\/2020\/09\/IMG_20190705_100242-1536x1152.jpg 1536w, https:\/\/hlinar.sk\/sk\/wp-content\/uploads\/2020\/09\/IMG_20190705_100242-2048x1536.jpg 2048w\" sizes=\"auto, (max-width: 300px) 100vw, 300px\" \/><\/a>\n\t\t\t<\/div>\n\t\t\t\t<figcaption class='wp-caption-text gallery-caption' id='gallery-1-3528'>\n\t\t\t\tHlinen\u00e9 omietky &#8211; Ba\u010fan &#8211; interi\u00e9r\n\t\t\t\t<\/figcaption><\/figure><figure class='gallery-item'>\n\t\t\t<div class='gallery-icon landscape'>\n\t\t\t\t<a href='https:\/\/hlinar.sk\/en\/2020\/09\/03\/worshop-tradicne-hlinene-omietky-a-hlinena-podlaha\/img_20190705_100224\/'><img loading=\"lazy\" decoding=\"async\" width=\"300\" height=\"225\" src=\"https:\/\/hlinar.sk\/sk\/wp-content\/uploads\/2020\/09\/IMG_20190705_100224-300x225.jpg\" class=\"attachment-medium size-medium\" alt=\"Hlinen\u00e9 omietky - Ba\u010fan\" aria-describedby=\"gallery-1-3527\" srcset=\"https:\/\/hlinar.sk\/sk\/wp-content\/uploads\/2020\/09\/IMG_20190705_100224-300x225.jpg 300w, https:\/\/hlinar.sk\/sk\/wp-content\/uploads\/2020\/09\/IMG_20190705_100224-324x243.jpg 324w, https:\/\/hlinar.sk\/sk\/wp-content\/uploads\/2020\/09\/IMG_20190705_100224-416x312.jpg 416w, https:\/\/hlinar.sk\/sk\/wp-content\/uploads\/2020\/09\/IMG_20190705_100224-1024x768.jpg 1024w, https:\/\/hlinar.sk\/sk\/wp-content\/uploads\/2020\/09\/IMG_20190705_100224-768x576.jpg 768w, https:\/\/hlinar.sk\/sk\/wp-content\/uploads\/2020\/09\/IMG_20190705_100224-1536x1152.jpg 1536w, https:\/\/hlinar.sk\/sk\/wp-content\/uploads\/2020\/09\/IMG_20190705_100224-2048x1536.jpg 2048w\" sizes=\"auto, (max-width: 300px) 100vw, 300px\" \/><\/a>\n\t\t\t<\/div>\n\t\t\t\t<figcaption class='wp-caption-text gallery-caption' id='gallery-1-3527'>\n\t\t\t\tHlinen\u00e9 omietky &#8211; Ba\u010fan &#8211; interi\u00e9r\n\t\t\t\t<\/figcaption><\/figure><figure class='gallery-item'>\n\t\t\t<div class='gallery-icon portrait'>\n\t\t\t\t<a href='https:\/\/hlinar.sk\/en\/2020\/09\/03\/worshop-tradicne-hlinene-omietky-a-hlinena-podlaha\/img_20190705_100455\/'><img loading=\"lazy\" decoding=\"async\" width=\"225\" height=\"300\" src=\"https:\/\/hlinar.sk\/sk\/wp-content\/uploads\/2020\/09\/IMG_20190705_100455-225x300.jpg\" class=\"attachment-medium size-medium\" alt=\"Hlinen\u00e9 omietky - Ba\u010fan\" aria-describedby=\"gallery-1-3529\" srcset=\"https:\/\/hlinar.sk\/sk\/wp-content\/uploads\/2020\/09\/IMG_20190705_100455-225x300.jpg 225w, https:\/\/hlinar.sk\/sk\/wp-content\/uploads\/2020\/09\/IMG_20190705_100455-324x432.jpg 324w, https:\/\/hlinar.sk\/sk\/wp-content\/uploads\/2020\/09\/IMG_20190705_100455-416x555.jpg 416w, https:\/\/hlinar.sk\/sk\/wp-content\/uploads\/2020\/09\/IMG_20190705_100455-768x1024.jpg 768w, https:\/\/hlinar.sk\/sk\/wp-content\/uploads\/2020\/09\/IMG_20190705_100455-1152x1536.jpg 1152w, https:\/\/hlinar.sk\/sk\/wp-content\/uploads\/2020\/09\/IMG_20190705_100455.jpg 1200w\" sizes=\"auto, (max-width: 225px) 100vw, 225px\" \/><\/a>\n\t\t\t<\/div>\n\t\t\t\t<figcaption class='wp-caption-text gallery-caption' id='gallery-1-3529'>\n\t\t\t\tHlinen\u00e9 omietky &#8211; Ba\u010fan &#8211; detail po\u0161koden\u00e9ho rohu\n\t\t\t\t<\/figcaption><\/figure>\n\t\t<\/div>\n\n<p style=\"text-align: center;\">Prajem v\u00e1m pokojn\u00e9 dni a te\u0161\u00edm sa na \u010fal\u0161ie tvoriv\u00e9 stretnutie.<\/p>","protected":false},"excerpt":{"rendered":"<p>Workshop &#8211; tradi\u010dn\u00e9 hlinen\u00e9 omietky a hlinen\u00e1 podlaha. Poz\u00fdvam v\u00e1s na workshop s hlinen\u00fdmi omietkami, kde budeme opravova\u0165 p\u00f4vodn\u00e9 hlinen\u00e9 omietky a hlinen\u00fa podlahu na starom kamennom dom\u010deku, tzv. &#8222;buja\u010dke&#8220;, ktor\u00fd kedysi sl\u00fa\u017eil na ustajnenie obecn\u00e9ho b\u00fdka &#8211; &#8222;bujaka&#8220;. Po dokon\u010den\u00ed opr\u00e1v a rekon\u0161trukci\u00ed bude buja\u010dka sl\u00fa\u017ei\u0165&nbsp; ako hospod\u00e1rske m\u00fazeum obce. Pre koho je workshop [&hellip;]<\/p>\n","protected":false},"author":2,"featured_media":0,"comment_status":"open","ping_status":"open","sticky":false,"template":"","format":"standard","meta":{"ngg_post_thumbnail":0,"footnotes":""},"categories":[2],"tags":[],"class_list":["post-3519","post","type-post","status-publish","format-standard","hentry","category-hlina"],"yoast_head":"<!-- This site is optimized with the Yoast SEO plugin v27.2 - https:\/\/yoast.com\/product\/yoast-seo-wordpress\/ -->\n<title>Workshop na hlinen\u00e9 omietky a podlahy - HLIN\u00c1R Stano Prorok<\/title>\n<meta name=\"description\" content=\"Poz\u00fdvam v\u00e1s na workshop na tradi\u010dn\u00e9 hlinen\u00e9 omietky a hlinen\u00fa podlahu v malebnej obci Ba\u010fan pri Banskej \u0160tiavnici v regi\u00f3ne Hont.\" \/>\n<meta name=\"robots\" content=\"index, follow, max-snippet:-1, max-image-preview:large, max-video-preview:-1\" \/>\n<link rel=\"canonical\" href=\"https:\/\/hlinar.sk\/en\/2020\/09\/03\/worshop-tradicne-hlinene-omietky-a-hlinena-podlaha\/\" \/>\n<meta property=\"og:locale\" content=\"en_GB\" \/>\n<meta property=\"og:type\" content=\"article\" \/>\n<meta property=\"og:title\" content=\"Workshop na hlinen\u00e9 omietky a podlahy - HLIN\u00c1R Stano Prorok\" \/>\n<meta property=\"og:description\" content=\"Poz\u00fdvam v\u00e1s na workshop na tradi\u010dn\u00e9 hlinen\u00e9 omietky a hlinen\u00fa podlahu v malebnej obci Ba\u010fan pri Banskej \u0160tiavnici v regi\u00f3ne Hont.\" \/>\n<meta property=\"og:url\" content=\"https:\/\/hlinar.sk\/en\/2020\/09\/03\/worshop-tradicne-hlinene-omietky-a-hlinena-podlaha\/\" \/>\n<meta property=\"og:site_name\" content=\"HLIN\u00c1R Stano Prorok\" \/>\n<meta property=\"article:author\" content=\"https:\/\/www.facebook.com\/hlinar.sk\/\" \/>\n<meta property=\"article:published_time\" content=\"2020-09-03T07:13:23+00:00\" \/>\n<meta property=\"article:modified_time\" content=\"2020-09-12T20:58:40+00:00\" \/>\n<meta property=\"og:image\" content=\"https:\/\/hlinar.sk\/sk\/wp-content\/uploads\/2020\/09\/IMG_20200826_114233-300x225.jpg\" \/>\n<meta name=\"author\" content=\"Stano Prorok\" \/>\n<meta name=\"twitter:card\" content=\"summary_large_image\" \/>\n<meta name=\"twitter:label1\" content=\"Written by\" \/>\n\t<meta name=\"twitter:data1\" content=\"Stano Prorok\" \/>\n\t<meta name=\"twitter:label2\" content=\"Estimated reading time\" \/>\n\t<meta name=\"twitter:data2\" content=\"2 minutes\" \/>\n<script type=\"application\/ld+json\" class=\"yoast-schema-graph\">{\"@context\":\"https:\/\/schema.org\",\"@graph\":[{\"@type\":\"Article\",\"@id\":\"https:\/\/hlinar.sk\/2020\/09\/03\/worshop-tradicne-hlinene-omietky-a-hlinena-podlaha\/#article\",\"isPartOf\":{\"@id\":\"https:\/\/hlinar.sk\/2020\/09\/03\/worshop-tradicne-hlinene-omietky-a-hlinena-podlaha\/\"},\"author\":{\"name\":\"Stano Prorok\",\"@id\":\"https:\/\/hlinar.sk\/#\/schema\/person\/948683bff8cd0b3708c85c89dc2ce248\"},\"headline\":\"Workshop &#8211; tradi\u010dn\u00e9 hlinen\u00e9 omietky a hlinen\u00e1 podlaha.\",\"datePublished\":\"2020-09-03T07:13:23+00:00\",\"dateModified\":\"2020-09-12T20:58:40+00:00\",\"mainEntityOfPage\":{\"@id\":\"https:\/\/hlinar.sk\/2020\/09\/03\/worshop-tradicne-hlinene-omietky-a-hlinena-podlaha\/\"},\"wordCount\":418,\"commentCount\":0,\"publisher\":{\"@id\":\"https:\/\/hlinar.sk\/#organization\"},\"articleSection\":[\"hlina\"],\"inLanguage\":\"en-GB\",\"potentialAction\":[{\"@type\":\"CommentAction\",\"name\":\"Comment\",\"target\":[\"https:\/\/hlinar.sk\/2020\/09\/03\/worshop-tradicne-hlinene-omietky-a-hlinena-podlaha\/#respond\"]}]},{\"@type\":\"WebPage\",\"@id\":\"https:\/\/hlinar.sk\/2020\/09\/03\/worshop-tradicne-hlinene-omietky-a-hlinena-podlaha\/\",\"url\":\"https:\/\/hlinar.sk\/2020\/09\/03\/worshop-tradicne-hlinene-omietky-a-hlinena-podlaha\/\",\"name\":\"Workshop na hlinen\u00e9 omietky a podlahy - HLIN\u00c1R Stano Prorok\",\"isPartOf\":{\"@id\":\"https:\/\/hlinar.sk\/#website\"},\"datePublished\":\"2020-09-03T07:13:23+00:00\",\"dateModified\":\"2020-09-12T20:58:40+00:00\",\"description\":\"Poz\u00fdvam v\u00e1s na workshop na tradi\u010dn\u00e9 hlinen\u00e9 omietky a hlinen\u00fa podlahu v malebnej obci Ba\u010fan pri Banskej \u0160tiavnici v regi\u00f3ne Hont.\",\"breadcrumb\":{\"@id\":\"https:\/\/hlinar.sk\/2020\/09\/03\/worshop-tradicne-hlinene-omietky-a-hlinena-podlaha\/#breadcrumb\"},\"inLanguage\":\"en-GB\",\"potentialAction\":[{\"@type\":\"ReadAction\",\"target\":[\"https:\/\/hlinar.sk\/2020\/09\/03\/worshop-tradicne-hlinene-omietky-a-hlinena-podlaha\/\"]}]},{\"@type\":\"BreadcrumbList\",\"@id\":\"https:\/\/hlinar.sk\/2020\/09\/03\/worshop-tradicne-hlinene-omietky-a-hlinena-podlaha\/#breadcrumb\",\"itemListElement\":[{\"@type\":\"ListItem\",\"position\":1,\"name\":\"Home\",\"item\":\"https:\/\/hlinar.sk\/\"},{\"@type\":\"ListItem\",\"position\":2,\"name\":\"Workshop &#8211; tradi\u010dn\u00e9 hlinen\u00e9 omietky a hlinen\u00e1 podlaha.\"}]},{\"@type\":\"WebSite\",\"@id\":\"https:\/\/hlinar.sk\/#website\",\"url\":\"https:\/\/hlinar.sk\/\",\"name\":\"HLIN\u00c1R Stano Prorok\",\"description\":\"Stavebniny od pr\u00edrody.\",\"publisher\":{\"@id\":\"https:\/\/hlinar.sk\/#organization\"},\"potentialAction\":[{\"@type\":\"SearchAction\",\"target\":{\"@type\":\"EntryPoint\",\"urlTemplate\":\"https:\/\/hlinar.sk\/?s={search_term_string}\"},\"query-input\":{\"@type\":\"PropertyValueSpecification\",\"valueRequired\":true,\"valueName\":\"search_term_string\"}}],\"inLanguage\":\"en-GB\"},{\"@type\":\"Organization\",\"@id\":\"https:\/\/hlinar.sk\/#organization\",\"name\":\"HLIN\u00c1R Stano Prorok\",\"url\":\"https:\/\/hlinar.sk\/\",\"logo\":{\"@type\":\"ImageObject\",\"inLanguage\":\"en-GB\",\"@id\":\"https:\/\/hlinar.sk\/#\/schema\/logo\/image\/\",\"url\":\"https:\/\/hlinar.sk\/sk\/wp-content\/uploads\/2020\/11\/logo-na-stranku-s-nazvom-priesvit-biele.png\",\"contentUrl\":\"https:\/\/hlinar.sk\/sk\/wp-content\/uploads\/2020\/11\/logo-na-stranku-s-nazvom-priesvit-biele.png\",\"width\":8048,\"height\":1432,\"caption\":\"HLIN\u00c1R Stano Prorok\"},\"image\":{\"@id\":\"https:\/\/hlinar.sk\/#\/schema\/logo\/image\/\"}},{\"@type\":\"Person\",\"@id\":\"https:\/\/hlinar.sk\/#\/schema\/person\/948683bff8cd0b3708c85c89dc2ce248\",\"name\":\"Stano Prorok\",\"image\":{\"@type\":\"ImageObject\",\"inLanguage\":\"en-GB\",\"@id\":\"https:\/\/secure.gravatar.com\/avatar\/58dc4c0515bf36bb004269eac4ac673f60be28d4f6466badb729e02c527ee3d3?s=96&d=mm&r=g\",\"url\":\"https:\/\/secure.gravatar.com\/avatar\/58dc4c0515bf36bb004269eac4ac673f60be28d4f6466badb729e02c527ee3d3?s=96&d=mm&r=g\",\"contentUrl\":\"https:\/\/secure.gravatar.com\/avatar\/58dc4c0515bf36bb004269eac4ac673f60be28d4f6466badb729e02c527ee3d3?s=96&d=mm&r=g\",\"caption\":\"Stano Prorok\"},\"sameAs\":[\"http:\/\/www.hlinar.sk\",\"https:\/\/www.facebook.com\/hlinar.sk\/\"],\"url\":\"https:\/\/hlinar.sk\/en\/author\/stano\/\"}]}<\/script>\n<!-- \/ Yoast SEO plugin. -->","yoast_head_json":{"title":"Workshop na hlinen\u00e9 omietky a podlahy - HLIN\u00c1R Stano Prorok","description":"Poz\u00fdvam v\u00e1s na workshop na tradi\u010dn\u00e9 hlinen\u00e9 omietky a hlinen\u00fa podlahu v malebnej obci Ba\u010fan pri Banskej \u0160tiavnici v regi\u00f3ne Hont.","robots":{"index":"index","follow":"follow","max-snippet":"max-snippet:-1","max-image-preview":"max-image-preview:large","max-video-preview":"max-video-preview:-1"},"canonical":"https:\/\/hlinar.sk\/en\/2020\/09\/03\/worshop-tradicne-hlinene-omietky-a-hlinena-podlaha\/","og_locale":"en_GB","og_type":"article","og_title":"Workshop na hlinen\u00e9 omietky a podlahy - HLIN\u00c1R Stano Prorok","og_description":"Poz\u00fdvam v\u00e1s na workshop na tradi\u010dn\u00e9 hlinen\u00e9 omietky a hlinen\u00fa podlahu v malebnej obci Ba\u010fan pri Banskej \u0160tiavnici v regi\u00f3ne Hont.","og_url":"https:\/\/hlinar.sk\/en\/2020\/09\/03\/worshop-tradicne-hlinene-omietky-a-hlinena-podlaha\/","og_site_name":"HLIN\u00c1R Stano Prorok","article_author":"https:\/\/www.facebook.com\/hlinar.sk\/","article_published_time":"2020-09-03T07:13:23+00:00","article_modified_time":"2020-09-12T20:58:40+00:00","og_image":[{"url":"https:\/\/hlinar.sk\/sk\/wp-content\/uploads\/2020\/09\/IMG_20200826_114233-300x225.jpg","type":"","width":"","height":""}],"author":"Stano Prorok","twitter_card":"summary_large_image","twitter_misc":{"Written by":"Stano Prorok","Estimated reading time":"2 minutes"},"schema":{"@context":"https:\/\/schema.org","@graph":[{"@type":"Article","@id":"https:\/\/hlinar.sk\/2020\/09\/03\/worshop-tradicne-hlinene-omietky-a-hlinena-podlaha\/#article","isPartOf":{"@id":"https:\/\/hlinar.sk\/2020\/09\/03\/worshop-tradicne-hlinene-omietky-a-hlinena-podlaha\/"},"author":{"name":"Stano Prorok","@id":"https:\/\/hlinar.sk\/#\/schema\/person\/948683bff8cd0b3708c85c89dc2ce248"},"headline":"Workshop &#8211; tradi\u010dn\u00e9 hlinen\u00e9 omietky a hlinen\u00e1 podlaha.","datePublished":"2020-09-03T07:13:23+00:00","dateModified":"2020-09-12T20:58:40+00:00","mainEntityOfPage":{"@id":"https:\/\/hlinar.sk\/2020\/09\/03\/worshop-tradicne-hlinene-omietky-a-hlinena-podlaha\/"},"wordCount":418,"commentCount":0,"publisher":{"@id":"https:\/\/hlinar.sk\/#organization"},"articleSection":["hlina"],"inLanguage":"en-GB","potentialAction":[{"@type":"CommentAction","name":"Comment","target":["https:\/\/hlinar.sk\/2020\/09\/03\/worshop-tradicne-hlinene-omietky-a-hlinena-podlaha\/#respond"]}]},{"@type":"WebPage","@id":"https:\/\/hlinar.sk\/2020\/09\/03\/worshop-tradicne-hlinene-omietky-a-hlinena-podlaha\/","url":"https:\/\/hlinar.sk\/2020\/09\/03\/worshop-tradicne-hlinene-omietky-a-hlinena-podlaha\/","name":"Workshop na hlinen\u00e9 omietky a podlahy - HLIN\u00c1R Stano Prorok","isPartOf":{"@id":"https:\/\/hlinar.sk\/#website"},"datePublished":"2020-09-03T07:13:23+00:00","dateModified":"2020-09-12T20:58:40+00:00","description":"Poz\u00fdvam v\u00e1s na workshop na tradi\u010dn\u00e9 hlinen\u00e9 omietky a hlinen\u00fa podlahu v malebnej obci Ba\u010fan pri Banskej \u0160tiavnici v regi\u00f3ne Hont.","breadcrumb":{"@id":"https:\/\/hlinar.sk\/2020\/09\/03\/worshop-tradicne-hlinene-omietky-a-hlinena-podlaha\/#breadcrumb"},"inLanguage":"en-GB","potentialAction":[{"@type":"ReadAction","target":["https:\/\/hlinar.sk\/2020\/09\/03\/worshop-tradicne-hlinene-omietky-a-hlinena-podlaha\/"]}]},{"@type":"BreadcrumbList","@id":"https:\/\/hlinar.sk\/2020\/09\/03\/worshop-tradicne-hlinene-omietky-a-hlinena-podlaha\/#breadcrumb","itemListElement":[{"@type":"ListItem","position":1,"name":"Home","item":"https:\/\/hlinar.sk\/"},{"@type":"ListItem","position":2,"name":"Workshop &#8211; tradi\u010dn\u00e9 hlinen\u00e9 omietky a hlinen\u00e1 podlaha."}]},{"@type":"WebSite","@id":"https:\/\/hlinar.sk\/#website","url":"https:\/\/hlinar.sk\/","name":"HLIN\u00c1R Stano Prorok","description":"Stavebniny od pr\u00edrody.","publisher":{"@id":"https:\/\/hlinar.sk\/#organization"},"potentialAction":[{"@type":"SearchAction","target":{"@type":"EntryPoint","urlTemplate":"https:\/\/hlinar.sk\/?s={search_term_string}"},"query-input":{"@type":"PropertyValueSpecification","valueRequired":true,"valueName":"search_term_string"}}],"inLanguage":"en-GB"},{"@type":"Organization","@id":"https:\/\/hlinar.sk\/#organization","name":"HLIN\u00c1R Stano Prorok","url":"https:\/\/hlinar.sk\/","logo":{"@type":"ImageObject","inLanguage":"en-GB","@id":"https:\/\/hlinar.sk\/#\/schema\/logo\/image\/","url":"https:\/\/hlinar.sk\/sk\/wp-content\/uploads\/2020\/11\/logo-na-stranku-s-nazvom-priesvit-biele.png","contentUrl":"https:\/\/hlinar.sk\/sk\/wp-content\/uploads\/2020\/11\/logo-na-stranku-s-nazvom-priesvit-biele.png","width":8048,"height":1432,"caption":"HLIN\u00c1R Stano Prorok"},"image":{"@id":"https:\/\/hlinar.sk\/#\/schema\/logo\/image\/"}},{"@type":"Person","@id":"https:\/\/hlinar.sk\/#\/schema\/person\/948683bff8cd0b3708c85c89dc2ce248","name":"Stano Prorok","image":{"@type":"ImageObject","inLanguage":"en-GB","@id":"https:\/\/secure.gravatar.com\/avatar\/58dc4c0515bf36bb004269eac4ac673f60be28d4f6466badb729e02c527ee3d3?s=96&d=mm&r=g","url":"https:\/\/secure.gravatar.com\/avatar\/58dc4c0515bf36bb004269eac4ac673f60be28d4f6466badb729e02c527ee3d3?s=96&d=mm&r=g","contentUrl":"https:\/\/secure.gravatar.com\/avatar\/58dc4c0515bf36bb004269eac4ac673f60be28d4f6466badb729e02c527ee3d3?s=96&d=mm&r=g","caption":"Stano Prorok"},"sameAs":["http:\/\/www.hlinar.sk","https:\/\/www.facebook.com\/hlinar.sk\/"],"url":"https:\/\/hlinar.sk\/en\/author\/stano\/"}]}},"_links":{"self":[{"href":"https:\/\/hlinar.sk\/en\/wp-json\/wp\/v2\/posts\/3519","targetHints":{"allow":["GET"]}}],"collection":[{"href":"https:\/\/hlinar.sk\/en\/wp-json\/wp\/v2\/posts"}],"about":[{"href":"https:\/\/hlinar.sk\/en\/wp-json\/wp\/v2\/types\/post"}],"author":[{"embeddable":true,"href":"https:\/\/hlinar.sk\/en\/wp-json\/wp\/v2\/users\/2"}],"replies":[{"embeddable":true,"href":"https:\/\/hlinar.sk\/en\/wp-json\/wp\/v2\/comments?post=3519"}],"version-history":[{"count":16,"href":"https:\/\/hlinar.sk\/en\/wp-json\/wp\/v2\/posts\/3519\/revisions"}],"predecessor-version":[{"id":3572,"href":"https:\/\/hlinar.sk\/en\/wp-json\/wp\/v2\/posts\/3519\/revisions\/3572"}],"wp:attachment":[{"href":"https:\/\/hlinar.sk\/en\/wp-json\/wp\/v2\/media?parent=3519"}],"wp:term":[{"taxonomy":"category","embeddable":true,"href":"https:\/\/hlinar.sk\/en\/wp-json\/wp\/v2\/categories?post=3519"},{"taxonomy":"post_tag","embeddable":true,"href":"https:\/\/hlinar.sk\/en\/wp-json\/wp\/v2\/tags?post=3519"}],"curies":[{"name":"wp","href":"https:\/\/api.w.org\/{rel}","templated":true}]}}